{"id":487,"date":"2014-06-02T15:06:31","date_gmt":"2014-06-02T14:06:31","guid":{"rendered":"http:\/\/holambra.nl\/?p=487"},"modified":"2014-06-02T15:06:31","modified_gmt":"2014-06-02T14:06:31","slug":"documentaire-novo-comeco-in-premiere","status":"publish","type":"post","link":"https:\/\/holambra.nl\/?p=487","title":{"rendered":"Documentaire &#8216;Novo Come\u00e7o&#8217; in premi\u00e8re"},"content":{"rendered":"<p>Op zondag 15 juni a.s. gaat de documentaire &#8216;Novo Come\u00e7o&#8217; in premi\u00e8re. Dit werk van de jonge filmmaker Martijn van Eijck handelt over de bewogen beginjaren van Holambra en het vertrek van Holambra-boeren naar Paran\u00e1. Van Eijck is zelf kleinkind van voormalige Brazili\u00eb-emigranten. Zelf heb ik ook aan de film meegewerkt in mijn rol als &#8216;historisch deskundige&#8217;. Hieronder volgt een voorproefje van de film.<\/p>\n<p>http:\/\/vimeo.com\/95267526<\/p>\n","protected":false},"excerpt":{"rendered":"<p>Op zondag 15 juni a.s. gaat de documentaire &#8216;Novo Come\u00e7o&#8217; in premi\u00e8re. Dit werk van de jonge filmmaker Martijn van Eijck handelt over de bewogen beginjaren van Holambra en het vertrek van Holambra-boeren naar Paran\u00e1. Van Eijck is zelf kleinkind van voormalige Brazili\u00eb-emigranten. Zelf heb ik ook aan de film meegewerkt in mijn rol als [&hellip;]<\/p>\n","protected":false},"author":1,"featured_media":0,"comment_status":"open","ping_status":"open","sticky":false,"template":"","format":"standard","meta":{"jetpack_post_was_ever_published":false,"_jetpack_newsletter_access":"","_jetpack_dont_email_post_to_subs":false,"_jetpack_newsletter_tier_id":0,"_jetpack_memberships_contains_paywalled_content":false,"_jetpack_memberships_contains_paid_content":false,"footnotes":"","jetpack_publicize_message":"","jetpack_publicize_feature_enabled":true,"jetpack_social_post_already_shared":false,"jetpack_social_options":{"image_generator_settings":{"template":"highway","default_image_id":0,"font":"","enabled":false},"version":2}},"categories":[25,7],"tags":[100,16,99,98],"class_list":["post-487","post","type-post","status-publish","format-standard","hentry","category-holambra","category-nederlandse-groepsemigratie","tag-documentaire","tag-holambra-i","tag-martijn-van-eijck","tag-tronco"],"jetpack_publicize_connections":[],"jetpack_featured_media_url":"","jetpack_shortlink":"https:\/\/wp.me\/p4Hsig-7R","jetpack_sharing_enabled":true,"_links":{"self":[{"href":"https:\/\/holambra.nl\/index.php?rest_route=\/wp\/v2\/posts\/487","targetHints":{"allow":["GET"]}}],"collection":[{"href":"https:\/\/holambra.nl\/index.php?rest_route=\/wp\/v2\/posts"}],"about":[{"href":"https:\/\/holambra.nl\/index.php?rest_route=\/wp\/v2\/types\/post"}],"author":[{"embeddable":true,"href":"https:\/\/holambra.nl\/index.php?rest_route=\/wp\/v2\/users\/1"}],"replies":[{"embeddable":true,"href":"https:\/\/holambra.nl\/index.php?rest_route=%2Fwp%2Fv2%2Fcomments&post=487"}],"version-history":[{"count":1,"href":"https:\/\/holambra.nl\/index.php?rest_route=\/wp\/v2\/posts\/487\/revisions"}],"predecessor-version":[{"id":488,"href":"https:\/\/holambra.nl\/index.php?rest_route=\/wp\/v2\/posts\/487\/revisions\/488"}],"wp:attachment":[{"href":"https:\/\/holambra.nl\/index.php?rest_route=%2Fwp%2Fv2%2Fmedia&parent=487"}],"wp:term":[{"taxonomy":"category","embeddable":true,"href":"https:\/\/holambra.nl\/index.php?rest_route=%2Fwp%2Fv2%2Fcategories&post=487"},{"taxonomy":"post_tag","embeddable":true,"href":"https:\/\/holambra.nl\/index.php?rest_route=%2Fwp%2Fv2%2Ftags&post=487"}],"curies":[{"name":"wp","href":"https:\/\/api.w.org\/{rel}","templated":true}]}}