{"id":671,"date":"2015-04-24T21:06:14","date_gmt":"2015-04-24T20:06:14","guid":{"rendered":"http:\/\/holambra.nl\/?p=671"},"modified":"2015-04-24T21:14:17","modified_gmt":"2015-04-24T20:14:17","slug":"ongemotiveerd-optimisme","status":"publish","type":"post","link":"https:\/\/holambra.nl\/?p=671","title":{"rendered":"Ongemotiveerd optimisme?"},"content":{"rendered":"<p>Een week na het geruchtmakende artikel van Sjef van den Besselaar in <em>De Nieuwe Eeuw<\/em> van 23 februari 1952 publiceerde <em>De Linie<\/em> opnieuw een artikel over de &#8220;omstreden&#8221; Fazenda Ribeir\u00e3o. Volgens het blad had <em>De Nieuwe Eeuw<\/em> er beter aan gedaan om v\u00f3\u00f3r publicatie van een verstrekkend artikel als dat van Van den Besselaar een eigen onderzoek in te stellen, &#8216;gelijk wij dat ook gedaan hebben&#8217;. Op basis van dit onderzoek meent <em>De Linie<\/em> een meer optimistisch geluid te moeten laten horen: &#8216;Daar zullen wij dus onze redenen voor gehad hebben. Mocht <em>De Nieuwe Eeuw<\/em> dit nadere onderzoek alsnog willen instellen, dan kunnen wij namen en adressen geven van critische onderzoekers, die de laatste twee maanden de fazenda bezocht hebben.&#8217;<\/p>\n<p><a href=\"http:\/\/holambra.nl\/wp-content\/uploads\/2013\/12\/Maisoogst-FR.jpg\"><img loading=\"lazy\" decoding=\"async\" class=\"alignright wp-image-372 size-medium\" src=\"http:\/\/holambra.nl\/wp-content\/uploads\/2013\/12\/Maisoogst-FR-300x193.jpg\" alt=\"\" width=\"300\" height=\"193\" srcset=\"https:\/\/holambra.nl\/wp-content\/uploads\/2013\/12\/Maisoogst-FR-300x193.jpg 300w, https:\/\/holambra.nl\/wp-content\/uploads\/2013\/12\/Maisoogst-FR-1024x658.jpg 1024w, https:\/\/holambra.nl\/wp-content\/uploads\/2013\/12\/Maisoogst-FR-624x401.jpg 624w, https:\/\/holambra.nl\/wp-content\/uploads\/2013\/12\/Maisoogst-FR.jpg 1119w\" sizes=\"auto, (max-width: 300px) 100vw, 300px\" \/><\/a><\/p>\n<p>Zo bezocht in januari 1952 een delegatie van Carambe\u00ed de kolonie. Deze heren waren nogal te spreken over hun bevindingen. Plannen die men in Carambe\u00ed had (bv. inzake de handel met de Brazilianen en de wijze van groenbemesting) werden in Ribeir\u00e3o al toegepast. Een andere informant die <em>De Linie<\/em> opvoerde was pater Theodulf van der Sterren ss.cc. uit de Fazenda Tres Po\u00e7os (Pinheiral RJ). Hij schreef: \u2018Mijn geloofsbrieven zijn de volgende: een persoonlijk bezoek gedurende de eerste 14 dagen van januari 1952 \u2013 gesprekken met de leiders en met tientallen boeren \u2013 gesprekken met tegenstanders en afkammers \u2013 een helemaal niet oppervlakkige studie van het nieuwe contract dat zoveel stof heeft opgeworpen \u2013 om niet te spreken van de lopende berichten in kranten en brieven die ik sinds de stichting verzameld heb.<\/p>\n<p>In zijn brief zette Van der Sterren &#8211; aldus\u00a0<em>De Linie &#8211;<\/em> uitvoerig uiteen, hoe hij gesproken had met vele boeren die in het begin tegen het nieuwe contract waren, dat zij moesten sluiten. &#8216;Zij beginnen nu echter in te zien, dat dit contract een juiste oplossing brengt van de gerezen economische moeilijkheden.&#8217; Hij besloot zijn lange brief als volgt: \u2018In Ribeir\u00e3o hebben de mensen, zoals op de hele wereld, hun sociale deugden en ondeugden. Zij zijn en blijven gewone mensen. Daar wil ik mee zeggen (om niet te spreken over hun levenspeil en woning enz., wat allemaal ver uitsteekt boven de Braziliaan en zeker ook ver boven menige emigrant), dat ze samen een echt Hollands dorp vormen, waar naast de gezamenlijke leut ook de wrijvingen bestaan. Er wordt gepraat over vriendjespolitiek, hoge salarissen van de bazen, smokkelen van sommige leden enz. Van dit alles is wat waar \u2013 waar is het niet waar?! Maar als men zijn opinie ging bouwen op deze feiten en feitjes, dan moet men op zoek gaan naar een aards paradijs en na het gevonden te hebben, zou men Ribeir\u00e3o kunnen veroordelen als niet helemaal overeenstemmend met dat model. Alles bij elkaar heb ik dus een gunstig idee over de veel besproken Fazenda Ribeir\u00e3o\u2026 en ik neem het op tegen iedere buitenstaander of \u201cweggelopene\u201d van de fazenda, mijn opinie te verdedigen.\u2019<\/p>\n<p><em>De Linie<\/em> besloot zijn vervolgartikel aldus: &#8216;Dit zijn enige grepen uit ons dossier, die de weg naar een onderzoek voldoende aangeven. Wij menen dan ook te kunnen blijven bij de conclusie, die wij in ons vorig artikel trokken: \u2018Men moge er van overtuigd zijn, dat de komende periode van consolidering en uitbouw, waarin tijdelijk de overkomst van nieuwe emigranten terecht stopgezet is, bewijzen zal dat op de fazenda pionierswerk van groot formaat verzet is. Houdt men daarginds de beschikking over voldoende overbruggingsmiddelen, dat wil zeggen, daadwerkelijke steun vanuit het vaderland, dan zal de eerste periode van 5 jaar eindigen met resultaten, die het bestaansrecht der \u201comstreden\u201d Fazenda Ribeir\u00e3o volledig bewijzen.&#8217;<\/p>\n<p>&nbsp;<\/p>\n","protected":false},"excerpt":{"rendered":"<p>Een week na het geruchtmakende artikel van Sjef van den Besselaar in De Nieuwe Eeuw van 23 februari 1952 publiceerde De Linie opnieuw een artikel over de &#8220;omstreden&#8221; Fazenda Ribeir\u00e3o. Volgens het blad had De Nieuwe Eeuw er beter aan gedaan om v\u00f3\u00f3r publicatie van een verstrekkend artikel als dat van Van den Besselaar een [&hellip;]<\/p>\n","protected":false},"author":1,"featured_media":0,"comment_status":"open","ping_status":"open","sticky":false,"template":"","format":"standard","meta":{"jetpack_post_was_ever_published":false,"_jetpack_newsletter_access":"","_jetpack_dont_email_post_to_subs":false,"_jetpack_newsletter_tier_id":0,"_jetpack_memberships_contains_paywalled_content":false,"_jetpack_memberships_contains_paid_content":false,"footnotes":"","jetpack_publicize_message":"","jetpack_publicize_feature_enabled":true,"jetpack_social_post_already_shared":true,"jetpack_social_options":{"image_generator_settings":{"template":"highway","default_image_id":0,"font":"","enabled":false},"version":2}},"categories":[1,25],"tags":[110,107,84,115],"class_list":["post-671","post","type-post","status-publish","format-standard","hentry","category-geen-categorie","category-holambra","tag-de-linie","tag-de-nieuwe-eeuw","tag-moeilijkheden","tag-theodulf-van-der-sterren"],"jetpack_publicize_connections":[],"jetpack_featured_media_url":"","jetpack_shortlink":"https:\/\/wp.me\/p4Hsig-aP","jetpack_sharing_enabled":true,"_links":{"self":[{"href":"https:\/\/holambra.nl\/index.php?rest_route=\/wp\/v2\/posts\/671","targetHints":{"allow":["GET"]}}],"collection":[{"href":"https:\/\/holambra.nl\/index.php?rest_route=\/wp\/v2\/posts"}],"about":[{"href":"https:\/\/holambra.nl\/index.php?rest_route=\/wp\/v2\/types\/post"}],"author":[{"embeddable":true,"href":"https:\/\/holambra.nl\/index.php?rest_route=\/wp\/v2\/users\/1"}],"replies":[{"embeddable":true,"href":"https:\/\/holambra.nl\/index.php?rest_route=%2Fwp%2Fv2%2Fcomments&post=671"}],"version-history":[{"count":4,"href":"https:\/\/holambra.nl\/index.php?rest_route=\/wp\/v2\/posts\/671\/revisions"}],"predecessor-version":[{"id":675,"href":"https:\/\/holambra.nl\/index.php?rest_route=\/wp\/v2\/posts\/671\/revisions\/675"}],"wp:attachment":[{"href":"https:\/\/holambra.nl\/index.php?rest_route=%2Fwp%2Fv2%2Fmedia&parent=671"}],"wp:term":[{"taxonomy":"category","embeddable":true,"href":"https:\/\/holambra.nl\/index.php?rest_route=%2Fwp%2Fv2%2Fcategories&post=671"},{"taxonomy":"post_tag","embeddable":true,"href":"https:\/\/holambra.nl\/index.php?rest_route=%2Fwp%2Fv2%2Ftags&post=671"}],"curies":[{"name":"wp","href":"https:\/\/api.w.org\/{rel}","templated":true}]}}